{"id":3628,"date":"2025-11-18T14:49:56","date_gmt":"2025-11-18T20:49:56","guid":{"rendered":"https:\/\/remedsa.com\/?p=3628"},"modified":"2026-02-09T15:17:50","modified_gmt":"2026-02-09T21:17:50","slug":"remed-en-el-38-congreso-alamys","status":"publish","type":"post","link":"https:\/\/remedsa.com\/en\/remed-en-el-38-congreso-alamys\/","title":{"rendered":"REMED at the 38th ALAMYS Congress"},"content":{"rendered":"\t\t<div data-elementor-type=\"wp-post\" data-elementor-id=\"3628\" class=\"elementor elementor-3628\" data-elementor-post-type=\"post\">\n\t\t\t\t<div class=\"elementor-element elementor-element-73dc45d0 e-con-full e-flex wpr-particle-no wpr-jarallax-no wpr-parallax-no wpr-sticky-section-no e-con e-parent\" data-id=\"73dc45d0\" data-element_type=\"container\" data-e-type=\"container\">\n\t\t\t\t<div class=\"elementor-element elementor-element-acb1167 elementor-widget elementor-widget-heading\" data-id=\"acb1167\" data-element_type=\"widget\" data-e-type=\"widget\" data-widget_type=\"heading.default\">\n\t\t\t\t<div class=\"elementor-widget-container\">\n\t\t\t\t\t<h2 class=\"elementor-heading-title elementor-size-default\">REMED en el 38\u00b0 Congreso ALAMYS<\/h2>\t\t\t\t<\/div>\n\t\t\t\t<\/div>\n\t\t\t\t<div class=\"elementor-element elementor-element-8dbd59c elementor-widget elementor-widget-text-editor\" data-id=\"8dbd59c\" data-element_type=\"widget\" data-e-type=\"widget\" data-widget_type=\"text-editor.default\">\n\t\t\t\t<div class=\"elementor-widget-container\">\n\t\t\t\t\t\t\t\t\t<p style=\"text-align: center;\">Noviembre 18, 2025<\/p>\t\t\t\t\t\t\t\t<\/div>\n\t\t\t\t<\/div>\n\t\t\t\t<div class=\"elementor-element elementor-element-86b0df3 elementor-widget elementor-widget-image\" data-id=\"86b0df3\" data-element_type=\"widget\" data-e-type=\"widget\" data-widget_type=\"image.default\">\n\t\t\t\t<div class=\"elementor-widget-container\">\n\t\t\t\t\t\t\t\t\t\t\t\t\t\t\t<img fetchpriority=\"high\" decoding=\"async\" width=\"1024\" height=\"682\" src=\"https:\/\/remedsa.com\/wp-content\/uploads\/2026\/01\/WhatsApp-Image-2026-01-27-at-3.28.51-PM-1-1024x682.jpeg\" class=\"attachment-large size-large wp-image-3674\" alt=\"\" srcset=\"https:\/\/remedsa.com\/wp-content\/uploads\/2026\/01\/WhatsApp-Image-2026-01-27-at-3.28.51-PM-1-1024x682.jpeg 1024w, https:\/\/remedsa.com\/wp-content\/uploads\/2026\/01\/WhatsApp-Image-2026-01-27-at-3.28.51-PM-1-300x200.jpeg 300w, https:\/\/remedsa.com\/wp-content\/uploads\/2026\/01\/WhatsApp-Image-2026-01-27-at-3.28.51-PM-1-768x512.jpeg 768w, https:\/\/remedsa.com\/wp-content\/uploads\/2026\/01\/WhatsApp-Image-2026-01-27-at-3.28.51-PM-1-1536x1023.jpeg 1536w, https:\/\/remedsa.com\/wp-content\/uploads\/2026\/01\/WhatsApp-Image-2026-01-27-at-3.28.51-PM-1-18x12.jpeg 18w, https:\/\/remedsa.com\/wp-content\/uploads\/2026\/01\/WhatsApp-Image-2026-01-27-at-3.28.51-PM-1.jpeg 1600w\" sizes=\"(max-width: 1024px) 100vw, 1024px\" \/>\t\t\t\t\t\t\t\t\t\t\t\t\t\t\t<\/div>\n\t\t\t\t<\/div>\n\t\t\t\t<div class=\"elementor-element elementor-element-9e27968 elementor-widget elementor-widget-text-editor\" data-id=\"9e27968\" data-element_type=\"widget\" data-e-type=\"widget\" data-widget_type=\"text-editor.default\">\n\t\t\t\t<div class=\"elementor-widget-container\">\n\t\t\t\t\t\t\t\t\t<p>REMED tuvo el honor de participar en el 38\u00b0 Congreso Anual de ALAMYS (Asociaci\u00f3n Latinoamericana de Metros y Subterr\u00e1neos), celebrado en Lima, Per\u00fa.\u00a0<\/p><p>Este congreso re\u00fane a destacados representantes de la industria ferroviaria de toda la regi\u00f3n y ofrece un espacio para el intercambio de conocimientos, experiencias y visiones sobre el futuro del transporte ferroviario en Am\u00e9rica Latina.<\/p><p>Durante estos d\u00edas, Lima se convierte en el epicentro del transporte ferroviario mundial, recibiendo a m\u00e1s de 70 l\u00edderes internacionales que comparten innovaci\u00f3n, sostenibilidad y experiencias que est\u00e1n transformando ciudades.\u00a0<\/p><p>Se abordan temas clave como la adaptaci\u00f3n de los sistemas ferroviarios al crecimiento urbano y los beneficios que estos aportan al desarrollo regional.\u00a0<\/p><p>El evento, celebrado del 15 al 20 de noviembre, permiti\u00f3 que REMED representara a Guatemala a nivel internacional, destacando las innovaciones que la reactivaci\u00f3n ferroviaria est\u00e1 impulsando en el pa\u00eds y en la regi\u00f3n.\u00a0<\/p><p>Este tipo de congresos no solo funcionan como puntos de encuentro para compartir avances y conocimiento, sino que tambi\u00e9n refuerzan el compromiso de los proyectos ferroviarios latinoamericanos y su papel en el futuro de la movilidad.<\/p>\t\t\t\t\t\t\t\t<\/div>\n\t\t\t\t<\/div>\n\t\t<div class=\"elementor-element elementor-element-bc38a91 e-con-full e-flex wpr-particle-no wpr-jarallax-no wpr-parallax-no wpr-sticky-section-no e-con e-child\" data-id=\"bc38a91\" data-element_type=\"container\" data-e-type=\"container\">\n\t\t\t\t<div class=\"elementor-element elementor-element-8601d61 elementor-arrows-position-inside elementor-pagination-position-outside elementor-widget elementor-widget-image-carousel\" data-id=\"8601d61\" data-element_type=\"widget\" data-e-type=\"widget\" data-settings=\"{&quot;slides_to_show&quot;:&quot;1&quot;,&quot;navigation&quot;:&quot;both&quot;,&quot;autoplay&quot;:&quot;yes&quot;,&quot;pause_on_hover&quot;:&quot;yes&quot;,&quot;pause_on_interaction&quot;:&quot;yes&quot;,&quot;autoplay_speed&quot;:5000,&quot;infinite&quot;:&quot;yes&quot;,&quot;effect&quot;:&quot;slide&quot;,&quot;speed&quot;:500}\" data-widget_type=\"image-carousel.default\">\n\t\t\t\t<div class=\"elementor-widget-container\">\n\t\t\t\t\t\t\t<div class=\"elementor-image-carousel-wrapper swiper\" role=\"region\" aria-roledescription=\"carousel\" aria-label=\"Carrusel de Im\u00e1genes\" dir=\"ltr\">\n\t\t\t<div class=\"elementor-image-carousel swiper-wrapper\" aria-live=\"off\">\n\t\t\t\t\t\t\t\t<div class=\"swiper-slide\" role=\"group\" aria-roledescription=\"slide\" aria-label=\"1 of 4\"><figure class=\"swiper-slide-inner\"><img decoding=\"async\" class=\"swiper-slide-image\" src=\"https:\/\/remedsa.com\/wp-content\/uploads\/2026\/01\/WhatsApp-Image-2026-01-27-at-3.28.52-PM-1024x682.jpeg\" alt=\"WhatsApp Image 2026-01-27 at 3.28.52 PM\" \/><\/figure><\/div><div class=\"swiper-slide\" role=\"group\" aria-roledescription=\"slide\" aria-label=\"2 of 4\"><figure class=\"swiper-slide-inner\"><img decoding=\"async\" class=\"swiper-slide-image\" src=\"https:\/\/remedsa.com\/wp-content\/uploads\/2026\/01\/WhatsApp-Image-2026-01-27-at-3.28.52-PM-1-1024x682.jpeg\" alt=\"WhatsApp Image 2026-01-27 at 3.28.52 PM (1)\" \/><\/figure><\/div><div class=\"swiper-slide\" role=\"group\" aria-roledescription=\"slide\" aria-label=\"3 of 4\"><figure class=\"swiper-slide-inner\"><img decoding=\"async\" class=\"swiper-slide-image\" src=\"https:\/\/remedsa.com\/wp-content\/uploads\/2026\/01\/WhatsApp-Image-2026-01-27-at-3.28.52-PM-2-1024x682.jpeg\" alt=\"WhatsApp Image 2026-01-27 at 3.28.52 PM (2)\" \/><\/figure><\/div><div class=\"swiper-slide\" role=\"group\" aria-roledescription=\"slide\" aria-label=\"4 of 4\"><figure class=\"swiper-slide-inner\"><img decoding=\"async\" class=\"swiper-slide-image\" src=\"https:\/\/remedsa.com\/wp-content\/uploads\/2026\/01\/WhatsApp-Image-2026-01-27-at-3.28.53-PM-1024x682.jpeg\" alt=\"REMED en el 38\u00b0 Congreso ALAMYS2\" \/><\/figure><\/div>\t\t\t<\/div>\n\t\t\t\t\t\t\t\t\t\t\t\t<div class=\"elementor-swiper-button elementor-swiper-button-prev\" role=\"button\" tabindex=\"0\">\n\t\t\t\t\t\t<svg aria-hidden=\"true\" class=\"e-font-icon-svg e-eicon-chevron-left\" viewBox=\"0 0 1000 1000\" xmlns=\"http:\/\/www.w3.org\/2000\/svg\"><path d=\"M646 125C629 125 613 133 604 142L308 442C296 454 292 471 292 487 292 504 296 521 308 533L604 854C617 867 629 875 646 875 663 875 679 871 692 858 704 846 713 829 713 812 713 796 708 779 692 767L438 487 692 225C700 217 708 204 708 187 708 171 704 154 692 142 675 129 663 125 646 125Z\"><\/path><\/svg>\t\t\t\t\t<\/div>\n\t\t\t\t\t<div class=\"elementor-swiper-button elementor-swiper-button-next\" role=\"button\" tabindex=\"0\">\n\t\t\t\t\t\t<svg aria-hidden=\"true\" class=\"e-font-icon-svg e-eicon-chevron-right\" viewBox=\"0 0 1000 1000\" xmlns=\"http:\/\/www.w3.org\/2000\/svg\"><path d=\"M696 533C708 521 713 504 713 487 713 471 708 454 696 446L400 146C388 133 375 125 354 125 338 125 325 129 313 142 300 154 292 171 292 187 292 204 296 221 308 233L563 492 304 771C292 783 288 800 288 817 288 833 296 850 308 863 321 871 338 875 354 875 371 875 388 867 400 854L696 533Z\"><\/path><\/svg>\t\t\t\t\t<\/div>\n\t\t\t\t\n\t\t\t\t\t\t\t\t\t<div class=\"swiper-pagination\"><\/div>\n\t\t\t\t\t\t\t\t\t<\/div>\n\t\t\t\t\t\t<\/div>\n\t\t\t\t<\/div>\n\t\t\t\t<\/div>\n\t\t\t\t<div class=\"elementor-element elementor-element-61431d1f elementor-widget elementor-widget-post-navigation\" data-id=\"61431d1f\" data-element_type=\"widget\" data-e-type=\"widget\" data-widget_type=\"post-navigation.default\">\n\t\t\t\t<div class=\"elementor-widget-container\">\n\t\t\t\t\t\t\t<div class=\"elementor-post-navigation\" role=\"navigation\" aria-label=\"Post Navigation\">\n\t\t\t<div class=\"elementor-post-navigation__prev elementor-post-navigation__link\">\n\t\t\t\t<a href=\"https:\/\/remedsa.com\/en\/remed-nuevo-miembro-de-alamys\/\" rel=\"prev\"><span class=\"elementor-post-navigation__link__prev\"><span class=\"post-navigation__prev--label\">Anterior<\/span><\/span><\/a>\t\t\t<\/div>\n\t\t\t\t\t\t<div class=\"elementor-post-navigation__next elementor-post-navigation__link\">\n\t\t\t\t<a href=\"https:\/\/remedsa.com\/en\/remed-aborda-el-impacto-del-sistema-ferroviario-en-la-region\/\" rel=\"next\"><span class=\"elementor-post-navigation__link__next\"><span class=\"post-navigation__next--label\">Siguiente<\/span><\/span><\/a>\t\t\t<\/div>\n\t\t<\/div>\n\t\t\t\t\t\t<\/div>\n\t\t\t\t<\/div>\n\t\t<div class=\"elementor-element elementor-element-196ffd04 e-con-full e-flex wpr-particle-no wpr-jarallax-no wpr-parallax-no wpr-sticky-section-no e-con e-child\" data-id=\"196ffd04\" data-element_type=\"container\" data-e-type=\"container\">\n\t\t\t\t<div class=\"elementor-element elementor-element-61ca29a1 elementor-widget elementor-widget-heading\" data-id=\"61ca29a1\" data-element_type=\"widget\" data-e-type=\"widget\" data-widget_type=\"heading.default\">\n\t\t\t\t<div class=\"elementor-widget-container\">\n\t\t\t\t\t<span class=\"elementor-heading-title elementor-size-default\">Compartir esta noticia:<\/span>\t\t\t\t<\/div>\n\t\t\t\t<\/div>\n\t\t\t\t<div class=\"elementor-element elementor-element-721d32e4 elementor-share-buttons--view-icon elementor-share-buttons--skin-minimal elementor-share-buttons--color-custom elementor-share-buttons--shape-square elementor-grid-0 elementor-widget elementor-widget-share-buttons\" data-id=\"721d32e4\" data-element_type=\"widget\" data-e-type=\"widget\" data-widget_type=\"share-buttons.default\">\n\t\t\t\t<div class=\"elementor-widget-container\">\n\t\t\t\t\t\t\t<div class=\"elementor-grid\" role=\"list\">\n\t\t\t\t\t\t\t\t<div class=\"elementor-grid-item\" role=\"listitem\">\n\t\t\t\t\t\t<div class=\"elementor-share-btn elementor-share-btn_facebook\" role=\"button\" tabindex=\"0\" aria-label=\"Share on facebook\">\n\t\t\t\t\t\t\t\t\t\t\t\t\t\t\t<span class=\"elementor-share-btn__icon\">\n\t\t\t\t\t\t\t\t<svg aria-hidden=\"true\" class=\"e-font-icon-svg e-fab-facebook\" viewBox=\"0 0 512 512\" xmlns=\"http:\/\/www.w3.org\/2000\/svg\"><path d=\"M504 256C504 119 393 8 256 8S8 119 8 256c0 123.78 90.69 226.38 209.25 245V327.69h-63V256h63v-54.64c0-62.15 37-96.48 93.67-96.48 27.14 0 55.52 4.84 55.52 4.84v61h-31.28c-30.8 0-40.41 19.12-40.41 38.73V256h68.78l-11 71.69h-57.78V501C413.31 482.38 504 379.78 504 256z\"><\/path><\/svg>\t\t\t\t\t\t\t<\/span>\n\t\t\t\t\t\t\t\t\t\t\t\t\t\t\t\t\t\t\t\t<\/div>\n\t\t\t\t\t<\/div>\n\t\t\t\t\t\t\t\t\t<div class=\"elementor-grid-item\" role=\"listitem\">\n\t\t\t\t\t\t<div class=\"elementor-share-btn elementor-share-btn_twitter\" role=\"button\" tabindex=\"0\" aria-label=\"Share on twitter\">\n\t\t\t\t\t\t\t\t\t\t\t\t\t\t\t<span class=\"elementor-share-btn__icon\">\n\t\t\t\t\t\t\t\t<svg aria-hidden=\"true\" class=\"e-font-icon-svg e-fab-twitter\" viewBox=\"0 0 512 512\" xmlns=\"http:\/\/www.w3.org\/2000\/svg\"><path d=\"M459.37 151.716c.325 4.548.325 9.097.325 13.645 0 138.72-105.583 298.558-298.558 298.558-59.452 0-114.68-17.219-161.137-47.106 8.447.974 16.568 1.299 25.34 1.299 49.055 0 94.213-16.568 130.274-44.832-46.132-.975-84.792-31.188-98.112-72.772 6.498.974 12.995 1.624 19.818 1.624 9.421 0 18.843-1.3 27.614-3.573-48.081-9.747-84.143-51.98-84.143-102.985v-1.299c13.969 7.797 30.214 12.67 47.431 13.319-28.264-18.843-46.781-51.005-46.781-87.391 0-19.492 5.197-37.36 14.294-52.954 51.655 63.675 129.3 105.258 216.365 109.807-1.624-7.797-2.599-15.918-2.599-24.04 0-57.828 46.782-104.934 104.934-104.934 30.213 0 57.502 12.67 76.67 33.137 23.715-4.548 46.456-13.32 66.599-25.34-7.798 24.366-24.366 44.833-46.132 57.827 21.117-2.273 41.584-8.122 60.426-16.243-14.292 20.791-32.161 39.308-52.628 54.253z\"><\/path><\/svg>\t\t\t\t\t\t\t<\/span>\n\t\t\t\t\t\t\t\t\t\t\t\t\t\t\t\t\t\t\t\t<\/div>\n\t\t\t\t\t<\/div>\n\t\t\t\t\t\t\t\t\t<div class=\"elementor-grid-item\" role=\"listitem\">\n\t\t\t\t\t\t<div class=\"elementor-share-btn elementor-share-btn_whatsapp\" role=\"button\" tabindex=\"0\" aria-label=\"Share on whatsapp\">\n\t\t\t\t\t\t\t\t\t\t\t\t\t\t\t<span class=\"elementor-share-btn__icon\">\n\t\t\t\t\t\t\t\t<svg aria-hidden=\"true\" class=\"e-font-icon-svg e-fab-whatsapp\" viewBox=\"0 0 448 512\" xmlns=\"http:\/\/www.w3.org\/2000\/svg\"><path d=\"M380.9 97.1C339 55.1 283.2 32 223.9 32c-122.4 0-222 99.6-222 222 0 39.1 10.2 77.3 29.6 111L0 480l117.7-30.9c32.4 17.7 68.9 27 106.1 27h.1c122.3 0 224.1-99.6 224.1-222 0-59.3-25.2-115-67.1-157zm-157 341.6c-33.2 0-65.7-8.9-94-25.7l-6.7-4-69.8 18.3L72 359.2l-4.4-7c-18.5-29.4-28.2-63.3-28.2-98.2 0-101.7 82.8-184.5 184.6-184.5 49.3 0 95.6 19.2 130.4 54.1 34.8 34.9 56.2 81.2 56.1 130.5 0 101.8-84.9 184.6-186.6 184.6zm101.2-138.2c-5.5-2.8-32.8-16.2-37.9-18-5.1-1.9-8.8-2.8-12.5 2.8-3.7 5.6-14.3 18-17.6 21.8-3.2 3.7-6.5 4.2-12 1.4-32.6-16.3-54-29.1-75.5-66-5.7-9.8 5.7-9.1 16.3-30.3 1.8-3.7.9-6.9-.5-9.7-1.4-2.8-12.5-30.1-17.1-41.2-4.5-10.8-9.1-9.3-12.5-9.5-3.2-.2-6.9-.2-10.6-.2-3.7 0-9.7 1.4-14.8 6.9-5.1 5.6-19.4 19-19.4 46.3 0 27.3 19.9 53.7 22.6 57.4 2.8 3.7 39.1 59.7 94.8 83.8 35.2 15.2 49 16.5 66.6 13.9 10.7-1.6 32.8-13.4 37.4-26.4 4.6-13 4.6-24.1 3.2-26.4-1.3-2.5-5-3.9-10.5-6.6z\"><\/path><\/svg>\t\t\t\t\t\t\t<\/span>\n\t\t\t\t\t\t\t\t\t\t\t\t\t\t\t\t\t\t\t\t<\/div>\n\t\t\t\t\t<\/div>\n\t\t\t\t\t\t<\/div>\n\t\t\t\t\t\t<\/div>\n\t\t\t\t<\/div>\n\t\t\t\t<\/div>\n\t\t\t\t<\/div>\n\t\t<div class=\"elementor-element elementor-element-38d398dc e-flex e-con-boxed wpr-particle-no wpr-jarallax-no wpr-parallax-no wpr-sticky-section-no e-con e-parent\" data-id=\"38d398dc\" data-element_type=\"container\" data-e-type=\"container\">\n\t\t\t\t\t<div class=\"e-con-inner\">\n\t\t\t\t<div class=\"elementor-element elementor-element-daccefd elementor-posts__hover-none elementor-grid-2 elementor-grid-tablet-2 elementor-grid-mobile-1 elementor-posts--thumbnail-top elementor-widget elementor-widget-posts\" data-id=\"daccefd\" data-element_type=\"widget\" data-e-type=\"widget\" data-settings=\"{&quot;cards_row_gap&quot;:{&quot;unit&quot;:&quot;px&quot;,&quot;size&quot;:80,&quot;sizes&quot;:[]},&quot;cards_row_gap_tablet&quot;:{&quot;unit&quot;:&quot;px&quot;,&quot;size&quot;:71,&quot;sizes&quot;:[]},&quot;cards_row_gap_mobile&quot;:{&quot;unit&quot;:&quot;px&quot;,&quot;size&quot;:30,&quot;sizes&quot;:[]},&quot;cards_columns&quot;:&quot;2&quot;,&quot;cards_columns_tablet&quot;:&quot;2&quot;,&quot;cards_columns_mobile&quot;:&quot;1&quot;,&quot;cards_row_gap_laptop&quot;:{&quot;unit&quot;:&quot;px&quot;,&quot;size&quot;:&quot;&quot;,&quot;sizes&quot;:[]}}\" data-widget_type=\"posts.cards\">\n\t\t\t\t<div class=\"elementor-widget-container\">\n\t\t\t\t\t\t\t<div class=\"elementor-posts-container elementor-posts elementor-posts--skin-cards elementor-grid\" role=\"list\">\n\t\t\t\t<article class=\"elementor-post elementor-grid-item post-3641 post type-post status-publish format-standard has-post-thumbnail hentry category-uncategorized\" role=\"listitem\">\n\t\t\t<div class=\"elementor-post__card\">\n\t\t\t\t<a class=\"elementor-post__thumbnail__link\" href=\"https:\/\/remedsa.com\/en\/remed-aborda-el-impacto-del-sistema-ferroviario-en-la-region\/\" tabindex=\"-1\" target=\"_blank\"><div class=\"elementor-post__thumbnail\"><img decoding=\"async\" width=\"1600\" height=\"900\" src=\"https:\/\/remedsa.com\/wp-content\/uploads\/2025\/12\/WhatsApp-Image-2026-01-29-at-8.21.20-PM.jpeg\" class=\"attachment-full size-full wp-image-3741\" alt=\"\" srcset=\"https:\/\/remedsa.com\/wp-content\/uploads\/2025\/12\/WhatsApp-Image-2026-01-29-at-8.21.20-PM.jpeg 1600w, https:\/\/remedsa.com\/wp-content\/uploads\/2025\/12\/WhatsApp-Image-2026-01-29-at-8.21.20-PM-300x169.jpeg 300w, https:\/\/remedsa.com\/wp-content\/uploads\/2025\/12\/WhatsApp-Image-2026-01-29-at-8.21.20-PM-1024x576.jpeg 1024w, https:\/\/remedsa.com\/wp-content\/uploads\/2025\/12\/WhatsApp-Image-2026-01-29-at-8.21.20-PM-768x432.jpeg 768w, https:\/\/remedsa.com\/wp-content\/uploads\/2025\/12\/WhatsApp-Image-2026-01-29-at-8.21.20-PM-1536x864.jpeg 1536w, https:\/\/remedsa.com\/wp-content\/uploads\/2025\/12\/WhatsApp-Image-2026-01-29-at-8.21.20-PM-18x10.jpeg 18w\" sizes=\"(max-width: 1600px) 100vw, 1600px\" \/><\/div><\/a>\n\t\t\t\t<div class=\"elementor-post__text\">\n\t\t\t\t<h4 class=\"elementor-post__title\">\n\t\t\t<a href=\"https:\/\/remedsa.com\/en\/remed-aborda-el-impacto-del-sistema-ferroviario-en-la-region\/\" target=&quot;_blank&quot;>\n\t\t\t\tREMED aborda el impacto del sistema ferroviario en la regi\u00f3n\t\t\t<\/a>\n\t\t<\/h4>\n\t\t\t\t<div class=\"elementor-post__excerpt\">\n\t\t\t<p>El 18 de noviembre, REMED particip\u00f3 en el foro \u201cEl papel del transporte ferroviario en el desarrollo\u201d, realizado en el marco del 38\u00b0 Congreso Anual de ALAMYS. Durante su intervenci\u00f3n, el director general, Ing. Juan Manuel de Le\u00f3n, destac\u00f3 la necesidad de una integraci\u00f3n ferroviaria regional y subray\u00f3 el potencial de Guatemala como plataforma estrat\u00e9gica para el desarrollo, la modernizaci\u00f3n del transporte y la sostenibilidad en Centroam\u00e9rica.<\/p>\n\t\t<\/div>\n\t\t\n\t\t<a class=\"elementor-post__read-more\" href=\"https:\/\/remedsa.com\/en\/remed-aborda-el-impacto-del-sistema-ferroviario-en-la-region\/\" aria-label=\"Read more about REMED aborda el impacto del sistema ferroviario en la regi\u00f3n\" tabindex=\"-1\" target=\"_blank\">\n\t\t\tLeer Mas\t\t<\/a>\n\n\t\t\t\t<\/div>\n\t\t\t\t\t<\/div>\n\t\t<\/article>\n\t\t\t\t<article class=\"elementor-post elementor-grid-item post-3628 post type-post status-publish format-standard has-post-thumbnail hentry category-uncategorized\" role=\"listitem\">\n\t\t\t<div class=\"elementor-post__card\">\n\t\t\t\t<a class=\"elementor-post__thumbnail__link\" href=\"https:\/\/remedsa.com\/en\/remed-en-el-38-congreso-alamys\/\" tabindex=\"-1\" target=\"_blank\"><div class=\"elementor-post__thumbnail\"><img decoding=\"async\" width=\"1600\" height=\"900\" src=\"https:\/\/remedsa.com\/wp-content\/uploads\/2025\/12\/WhatsApp-Image-2026-01-27-at-3.28.51-PM.jpeg\" class=\"attachment-full size-full wp-image-3669\" alt=\"\" srcset=\"https:\/\/remedsa.com\/wp-content\/uploads\/2025\/12\/WhatsApp-Image-2026-01-27-at-3.28.51-PM.jpeg 1600w, https:\/\/remedsa.com\/wp-content\/uploads\/2025\/12\/WhatsApp-Image-2026-01-27-at-3.28.51-PM-300x169.jpeg 300w, https:\/\/remedsa.com\/wp-content\/uploads\/2025\/12\/WhatsApp-Image-2026-01-27-at-3.28.51-PM-1024x576.jpeg 1024w, https:\/\/remedsa.com\/wp-content\/uploads\/2025\/12\/WhatsApp-Image-2026-01-27-at-3.28.51-PM-768x432.jpeg 768w, https:\/\/remedsa.com\/wp-content\/uploads\/2025\/12\/WhatsApp-Image-2026-01-27-at-3.28.51-PM-1536x864.jpeg 1536w, https:\/\/remedsa.com\/wp-content\/uploads\/2025\/12\/WhatsApp-Image-2026-01-27-at-3.28.51-PM-18x10.jpeg 18w\" sizes=\"(max-width: 1600px) 100vw, 1600px\" \/><\/div><\/a>\n\t\t\t\t<div class=\"elementor-post__text\">\n\t\t\t\t<h4 class=\"elementor-post__title\">\n\t\t\t<a href=\"https:\/\/remedsa.com\/en\/remed-en-el-38-congreso-alamys\/\" target=&quot;_blank&quot;>\n\t\t\t\tREMED en el 38\u00b0 Congreso ALAMYS\t\t\t<\/a>\n\t\t<\/h4>\n\t\t\t\t<div class=\"elementor-post__excerpt\">\n\t\t\t<p>REMED particip\u00f3 en el 38\u00b0 Congreso Anual de ALAMYS en Lima, Per\u00fa, un espacio que reuni\u00f3 a l\u00edderes de la industria ferroviaria latinoamericana. El evento abord\u00f3 innovaci\u00f3n, sostenibilidad y adaptaci\u00f3n al crecimiento urbano. Del 15 al 20 de noviembre del 2026, REMED represent\u00f3 a Guatemala, destacando el impacto de la reactivaci\u00f3n ferroviaria en el desarrollo regional y el futuro de la movilidad urbana sostenible latinoamericana.<\/p>\n\t\t<\/div>\n\t\t\n\t\t<a class=\"elementor-post__read-more\" href=\"https:\/\/remedsa.com\/en\/remed-en-el-38-congreso-alamys\/\" aria-label=\"Read more about REMED en el 38\u00b0 Congreso ALAMYS\" tabindex=\"-1\" target=\"_blank\">\n\t\t\tLeer Mas\t\t<\/a>\n\n\t\t\t\t<\/div>\n\t\t\t\t\t<\/div>\n\t\t<\/article>\n\t\t\t\t<\/div>\n\t\t\n\t\t\t\t\t\t<\/div>\n\t\t\t\t<\/div>\n\t\t\t\t\t<\/div>\n\t\t\t\t<\/div>\n\t\t<div class=\"elementor-element elementor-element-d0adaf9 e-flex e-con-boxed wpr-particle-no wpr-jarallax-no wpr-parallax-no wpr-sticky-section-no e-con e-parent\" data-id=\"d0adaf9\" data-element_type=\"container\" data-e-type=\"container\" data-settings=\"{&quot;background_background&quot;:&quot;classic&quot;}\">\n\t\t\t\t\t<div class=\"e-con-inner\">\n\t\t<div class=\"elementor-element elementor-element-52f4166 e-con-full e-flex wpr-particle-no wpr-jarallax-no wpr-parallax-no wpr-sticky-section-no e-con e-child\" data-id=\"52f4166\" data-element_type=\"container\" data-e-type=\"container\">\n\t\t\t\t<div class=\"elementor-element elementor-element-ab6bf65 elementor-widget elementor-widget-heading\" data-id=\"ab6bf65\" data-element_type=\"widget\" data-e-type=\"widget\" data-widget_type=\"heading.default\">\n\t\t\t\t<div class=\"elementor-widget-container\">\n\t\t\t\t\t<h2 class=\"elementor-heading-title elementor-size-default\">\u00a1Suscr\u00edbete y S\u00e9 Parte del Futuro de la Movilidad!<\/h2>\t\t\t\t<\/div>\n\t\t\t\t<\/div>\n\t\t\t\t<div class=\"elementor-element elementor-element-258a17b elementor-widget elementor-widget-heading\" data-id=\"258a17b\" data-element_type=\"widget\" data-e-type=\"widget\" data-widget_type=\"heading.default\">\n\t\t\t\t<div class=\"elementor-widget-container\">\n\t\t\t\t\t<h5 class=\"elementor-heading-title elementor-size-default\">\"\u00a1Mantente informado! Suscr\u00edbete y s\u00e9 el primero en conocer los avances y novedades que transformar\u00e1n el futuro de la movilidad en Guatemala.\"<\/h5>\t\t\t\t<\/div>\n\t\t\t\t<\/div>\n\t\t\t\t<div class=\"elementor-element elementor-element-3c41856 elementor-tablet-button-align-stretch elementor-button-align-stretch elementor-widget elementor-widget-form\" data-id=\"3c41856\" data-element_type=\"widget\" data-e-type=\"widget\" data-settings=\"{&quot;step_next_label&quot;:&quot;Next&quot;,&quot;step_previous_label&quot;:&quot;Previous&quot;,&quot;button_width&quot;:&quot;30&quot;,&quot;button_width_tablet&quot;:&quot;33&quot;,&quot;step_type&quot;:&quot;number_text&quot;,&quot;step_icon_shape&quot;:&quot;circle&quot;}\" data-widget_type=\"form.default\">\n\t\t\t\t<div class=\"elementor-widget-container\">\n\t\t\t\t\t\t\t<form class=\"elementor-form\" method=\"post\" name=\"Contact Form\" aria-label=\"Contact Form\">\n\t\t\t<input type=\"hidden\" name=\"post_id\" value=\"3628\"\/>\n\t\t\t<input type=\"hidden\" name=\"form_id\" value=\"3c41856\"\/>\n\t\t\t<input type=\"hidden\" name=\"referer_title\" value=\"REMED\" \/>\n\n\t\t\t\n\t\t\t<div class=\"elementor-form-fields-wrapper elementor-labels-\">\n\t\t\t\t\t\t\t\t<div class=\"elementor-field-type-text elementor-field-group elementor-column elementor-field-group-name elementor-col-33\">\n\t\t\t\t\t\t\t\t\t\t\t\t<label for=\"form-field-name\" class=\"elementor-field-label elementor-screen-only\">\n\t\t\t\t\t\t\t\tNombre\t\t\t\t\t\t\t<\/label>\n\t\t\t\t\t\t\t\t\t\t\t\t\t\t<input size=\"1\" type=\"text\" name=\"form_fields[name]\" id=\"form-field-name\" class=\"elementor-field elementor-size-md  elementor-field-textual\" placeholder=\"Nombre\">\n\t\t\t\t\t\t\t\t\t\t\t<\/div>\n\t\t\t\t\t\t\t\t<div class=\"elementor-field-type-email elementor-field-group elementor-column elementor-field-group-email elementor-col-33 elementor-field-required\">\n\t\t\t\t\t\t\t\t\t\t\t\t<label for=\"form-field-email\" class=\"elementor-field-label elementor-screen-only\">\n\t\t\t\t\t\t\t\tCorreo Electr\u00f3nico\t\t\t\t\t\t\t<\/label>\n\t\t\t\t\t\t\t\t\t\t\t\t\t\t<input size=\"1\" type=\"email\" name=\"form_fields[email]\" id=\"form-field-email\" class=\"elementor-field elementor-size-md  elementor-field-textual\" placeholder=\"Correo Electr\u00f3nico\" required=\"required\">\n\t\t\t\t\t\t\t\t\t\t\t<\/div>\n\t\t\t\t\t\t\t\t<div class=\"elementor-field-group elementor-column elementor-field-type-submit elementor-col-30 e-form__buttons elementor-md-33\">\n\t\t\t\t\t<button class=\"elementor-button elementor-size-md\" type=\"submit\">\n\t\t\t\t\t\t<span class=\"elementor-button-content-wrapper\">\n\t\t\t\t\t\t\t\t\t\t\t\t\t\t\t\t\t\t\t\t\t\t<span class=\"elementor-button-text\">Enviar<\/span>\n\t\t\t\t\t\t\t\t\t\t\t\t\t<\/span>\n\t\t\t\t\t<\/button>\n\t\t\t\t<\/div>\n\t\t\t<\/div>\n\t\t<\/form>\n\t\t\t\t\t\t<\/div>\n\t\t\t\t<\/div>\n\t\t\t\t<\/div>\n\t\t\t\t\t<\/div>\n\t\t\t\t<\/div>\n\t\t\t\t<\/div>\n\t\t","protected":false},"excerpt":{"rendered":"<p>REMED participated in the 38th Annual ALAMYS Congress in Lima, Peru, a forum that brought together leaders from the Latin American rail industry. The event addressed innovation, sustainability, and adaptation to urban growth. From November 15 to 20, 2026, REMED represented Guatemala, highlighting the impact of rail reactivation on regional development and the future of sustainable urban mobility in Latin America.<\/p>","protected":false},"author":1,"featured_media":3669,"comment_status":"open","ping_status":"open","sticky":false,"template":"elementor_header_footer","format":"standard","meta":{"site-sidebar-layout":"default","site-content-layout":"","ast-site-content-layout":"default","site-content-style":"default","site-sidebar-style":"default","ast-global-header-display":"","ast-banner-title-visibility":"","ast-main-header-display":"","ast-hfb-above-header-display":"","ast-hfb-below-header-display":"","ast-hfb-mobile-header-display":"","site-post-title":"","ast-breadcrumbs-content":"","ast-featured-img":"","footer-sml-layout":"","ast-disable-related-posts":"","theme-transparent-header-meta":"","adv-header-id-meta":"","stick-header-meta":"","header-above-stick-meta":"","header-main-stick-meta":"","header-below-stick-meta":"","astra-migrate-meta-layouts":"default","ast-page-background-enabled":"default","ast-page-background-meta":{"desktop":{"background-color":"var(--ast-global-color-4)","background-image":"","background-repeat":"repeat","background-position":"center center","background-size":"auto","background-attachment":"scroll","background-type":"","background-media":"","overlay-type":"","overlay-color":"","overlay-opacity":"","overlay-gradient":""},"tablet":{"background-color":"","background-image":"","background-repeat":"repeat","background-position":"center center","background-size":"auto","background-attachment":"scroll","background-type":"","background-media":"","overlay-type":"","overlay-color":"","overlay-opacity":"","overlay-gradient":""},"mobile":{"background-color":"","background-image":"","background-repeat":"repeat","background-position":"center center","background-size":"auto","background-attachment":"scroll","background-type":"","background-media":"","overlay-type":"","overlay-color":"","overlay-opacity":"","overlay-gradient":""}},"ast-content-background-meta":{"desktop":{"background-color":"var(--ast-global-color-5)","background-image":"","background-repeat":"repeat","background-position":"center center","background-size":"auto","background-attachment":"scroll","background-type":"","background-media":"","overlay-type":"","overlay-color":"","overlay-opacity":"","overlay-gradient":""},"tablet":{"background-color":"var(--ast-global-color-5)","background-image":"","background-repeat":"repeat","background-position":"center center","background-size":"auto","background-attachment":"scroll","background-type":"","background-media":"","overlay-type":"","overlay-color":"","overlay-opacity":"","overlay-gradient":""},"mobile":{"background-color":"var(--ast-global-color-5)","background-image":"","background-repeat":"repeat","background-position":"center center","background-size":"auto","background-attachment":"scroll","background-type":"","background-media":"","overlay-type":"","overlay-color":"","overlay-opacity":"","overlay-gradient":""}},"footnotes":""},"categories":[1],"tags":[],"class_list":["post-3628","post","type-post","status-publish","format-standard","has-post-thumbnail","hentry","category-uncategorized"],"yoast_head":"<!-- This site is optimized with the Yoast SEO Premium plugin v23.7 (Yoast SEO v27.2) - https:\/\/yoast.com\/product\/yoast-seo-premium-wordpress\/ -->\n<title>REMED en el 38\u00b0 Congreso ALAMYS - REMED<\/title>\n<meta name=\"robots\" content=\"index, follow, max-snippet:-1, max-image-preview:large, max-video-preview:-1\" \/>\n<link rel=\"canonical\" href=\"https:\/\/remedsa.com\/en\/remed-en-el-38-congreso-alamys\/\" \/>\n<meta property=\"og:locale\" content=\"en_US\" \/>\n<meta property=\"og:type\" content=\"article\" \/>\n<meta property=\"og:title\" content=\"REMED en el 38\u00b0 Congreso ALAMYS\" \/>\n<meta property=\"og:description\" content=\"REMED particip\u00f3 en el 38\u00b0 Congreso Anual de ALAMYS en Lima, Per\u00fa, un espacio que reuni\u00f3 a l\u00edderes de la industria ferroviaria latinoamericana. El evento abord\u00f3 innovaci\u00f3n, sostenibilidad y adaptaci\u00f3n al crecimiento urbano. Del 15 al 20 de noviembre del 2026, REMED represent\u00f3 a Guatemala, destacando el impacto de la reactivaci\u00f3n ferroviaria en el desarrollo regional y el futuro de la movilidad urbana sostenible latinoamericana.\" \/>\n<meta property=\"og:url\" content=\"https:\/\/remedsa.com\/en\/remed-en-el-38-congreso-alamys\/\" \/>\n<meta property=\"og:site_name\" content=\"REMED\" \/>\n<meta property=\"article:publisher\" content=\"https:\/\/www.facebook.com\/remed.sa\" \/>\n<meta property=\"article:published_time\" content=\"2025-11-18T20:49:56+00:00\" \/>\n<meta property=\"article:modified_time\" content=\"2026-02-09T21:17:50+00:00\" \/>\n<meta property=\"og:image\" content=\"https:\/\/remedsa.com\/wp-content\/uploads\/2025\/12\/WhatsApp-Image-2026-01-27-at-3.28.51-PM.jpeg\" \/>\n\t<meta property=\"og:image:width\" content=\"1600\" \/>\n\t<meta property=\"og:image:height\" content=\"900\" \/>\n\t<meta property=\"og:image:type\" content=\"image\/jpeg\" \/>\n<meta name=\"author\" content=\"remedsa\" \/>\n<meta name=\"twitter:card\" content=\"summary_large_image\" \/>\n<meta name=\"twitter:label1\" content=\"Written by\" \/>\n\t<meta name=\"twitter:data1\" content=\"remedsa\" \/>\n\t<meta name=\"twitter:label2\" content=\"Est. reading time\" \/>\n\t<meta name=\"twitter:data2\" content=\"5 minutes\" \/>\n<script type=\"application\/ld+json\" class=\"yoast-schema-graph\">{\"@context\":\"https:\/\/schema.org\",\"@graph\":[{\"@type\":\"Article\",\"@id\":\"https:\/\/remedsa.com\/remed-en-el-38-congreso-alamys\/#article\",\"isPartOf\":{\"@id\":\"https:\/\/remedsa.com\/remed-en-el-38-congreso-alamys\/\"},\"author\":{\"name\":\"remedsa\",\"@id\":\"https:\/\/remedsa.com\/#\/schema\/person\/e3dbcbb2cdbc8a28810d5db8d0fe484b\"},\"headline\":\"REMED en el 38\u00b0 Congreso ALAMYS\",\"datePublished\":\"2025-11-18T20:49:56+00:00\",\"dateModified\":\"2026-02-09T21:17:50+00:00\",\"mainEntityOfPage\":{\"@id\":\"https:\/\/remedsa.com\/remed-en-el-38-congreso-alamys\/\"},\"wordCount\":240,\"commentCount\":0,\"publisher\":{\"@id\":\"https:\/\/remedsa.com\/#organization\"},\"image\":{\"@id\":\"https:\/\/remedsa.com\/remed-en-el-38-congreso-alamys\/#primaryimage\"},\"thumbnailUrl\":\"https:\/\/remedsa.com\/wp-content\/uploads\/2025\/12\/WhatsApp-Image-2026-01-27-at-3.28.51-PM.jpeg\",\"inLanguage\":\"en-US\",\"potentialAction\":[{\"@type\":\"CommentAction\",\"name\":\"Comment\",\"target\":[\"https:\/\/remedsa.com\/remed-en-el-38-congreso-alamys\/#respond\"]}]},{\"@type\":\"WebPage\",\"@id\":\"https:\/\/remedsa.com\/remed-en-el-38-congreso-alamys\/\",\"url\":\"https:\/\/remedsa.com\/remed-en-el-38-congreso-alamys\/\",\"name\":\"REMED en el 38\u00b0 Congreso ALAMYS - REMED\",\"isPartOf\":{\"@id\":\"https:\/\/remedsa.com\/#website\"},\"primaryImageOfPage\":{\"@id\":\"https:\/\/remedsa.com\/remed-en-el-38-congreso-alamys\/#primaryimage\"},\"image\":{\"@id\":\"https:\/\/remedsa.com\/remed-en-el-38-congreso-alamys\/#primaryimage\"},\"thumbnailUrl\":\"https:\/\/remedsa.com\/wp-content\/uploads\/2025\/12\/WhatsApp-Image-2026-01-27-at-3.28.51-PM.jpeg\",\"datePublished\":\"2025-11-18T20:49:56+00:00\",\"dateModified\":\"2026-02-09T21:17:50+00:00\",\"breadcrumb\":{\"@id\":\"https:\/\/remedsa.com\/remed-en-el-38-congreso-alamys\/#breadcrumb\"},\"inLanguage\":\"en-US\",\"potentialAction\":[{\"@type\":\"ReadAction\",\"target\":[\"https:\/\/remedsa.com\/remed-en-el-38-congreso-alamys\/\"]}]},{\"@type\":\"ImageObject\",\"inLanguage\":\"en-US\",\"@id\":\"https:\/\/remedsa.com\/remed-en-el-38-congreso-alamys\/#primaryimage\",\"url\":\"https:\/\/remedsa.com\/wp-content\/uploads\/2025\/12\/WhatsApp-Image-2026-01-27-at-3.28.51-PM.jpeg\",\"contentUrl\":\"https:\/\/remedsa.com\/wp-content\/uploads\/2025\/12\/WhatsApp-Image-2026-01-27-at-3.28.51-PM.jpeg\",\"width\":1600,\"height\":900,\"caption\":\"REMED en el 38\u00b0 Congreso ALAMYS\"},{\"@type\":\"BreadcrumbList\",\"@id\":\"https:\/\/remedsa.com\/remed-en-el-38-congreso-alamys\/#breadcrumb\",\"itemListElement\":[{\"@type\":\"ListItem\",\"position\":1,\"name\":\"Home\",\"item\":\"https:\/\/remedsa.com\/\"},{\"@type\":\"ListItem\",\"position\":2,\"name\":\"REMED en el 38\u00b0 Congreso ALAMYS\"}]},{\"@type\":\"WebSite\",\"@id\":\"https:\/\/remedsa.com\/#website\",\"url\":\"https:\/\/remedsa.com\/\",\"name\":\"REMED, S.A.\",\"description\":\"Soluciones ferroviarias y movilidad sostenible.\",\"publisher\":{\"@id\":\"https:\/\/remedsa.com\/#organization\"},\"potentialAction\":[{\"@type\":\"SearchAction\",\"target\":{\"@type\":\"EntryPoint\",\"urlTemplate\":\"https:\/\/remedsa.com\/?s={search_term_string}\"},\"query-input\":{\"@type\":\"PropertyValueSpecification\",\"valueRequired\":true,\"valueName\":\"search_term_string\"}}],\"inLanguage\":\"en-US\"},{\"@type\":\"Organization\",\"@id\":\"https:\/\/remedsa.com\/#organization\",\"name\":\"REMED\",\"url\":\"https:\/\/remedsa.com\/\",\"logo\":{\"@type\":\"ImageObject\",\"inLanguage\":\"en-US\",\"@id\":\"https:\/\/remedsa.com\/#\/schema\/logo\/image\/\",\"url\":\"https:\/\/remedsa.com\/wp-content\/uploads\/2025\/08\/cropped-Logo-REMED-S.A.-WEB-01-scaled-1.png\",\"contentUrl\":\"https:\/\/remedsa.com\/wp-content\/uploads\/2025\/08\/cropped-Logo-REMED-S.A.-WEB-01-scaled-1.png\",\"width\":2411,\"height\":657,\"caption\":\"REMED\"},\"image\":{\"@id\":\"https:\/\/remedsa.com\/#\/schema\/logo\/image\/\"},\"sameAs\":[\"https:\/\/www.facebook.com\/remed.sa\"]},{\"@type\":\"Person\",\"@id\":\"https:\/\/remedsa.com\/#\/schema\/person\/e3dbcbb2cdbc8a28810d5db8d0fe484b\",\"name\":\"remedsa\",\"image\":{\"@type\":\"ImageObject\",\"inLanguage\":\"en-US\",\"@id\":\"https:\/\/secure.gravatar.com\/avatar\/fed046d355fede942cbf2ba6c41cbb2c6919a76c490ba92939b709a860fa3120?s=96&d=mm&r=g\",\"url\":\"https:\/\/secure.gravatar.com\/avatar\/fed046d355fede942cbf2ba6c41cbb2c6919a76c490ba92939b709a860fa3120?s=96&d=mm&r=g\",\"contentUrl\":\"https:\/\/secure.gravatar.com\/avatar\/fed046d355fede942cbf2ba6c41cbb2c6919a76c490ba92939b709a860fa3120?s=96&d=mm&r=g\",\"caption\":\"remedsa\"},\"sameAs\":[\"https:\/\/remedsa.com\"],\"url\":\"https:\/\/remedsa.com\/en\/author\/remedsa\/\"}]}<\/script>\n<!-- \/ Yoast SEO Premium plugin. -->","yoast_head_json":{"title":"REMED en el 38\u00b0 Congreso ALAMYS - REMED","robots":{"index":"index","follow":"follow","max-snippet":"max-snippet:-1","max-image-preview":"max-image-preview:large","max-video-preview":"max-video-preview:-1"},"canonical":"https:\/\/remedsa.com\/en\/remed-en-el-38-congreso-alamys\/","og_locale":"en_US","og_type":"article","og_title":"REMED en el 38\u00b0 Congreso ALAMYS","og_description":"REMED particip\u00f3 en el 38\u00b0 Congreso Anual de ALAMYS en Lima, Per\u00fa, un espacio que reuni\u00f3 a l\u00edderes de la industria ferroviaria latinoamericana. El evento abord\u00f3 innovaci\u00f3n, sostenibilidad y adaptaci\u00f3n al crecimiento urbano. Del 15 al 20 de noviembre del 2026, REMED represent\u00f3 a Guatemala, destacando el impacto de la reactivaci\u00f3n ferroviaria en el desarrollo regional y el futuro de la movilidad urbana sostenible latinoamericana.","og_url":"https:\/\/remedsa.com\/en\/remed-en-el-38-congreso-alamys\/","og_site_name":"REMED","article_publisher":"https:\/\/www.facebook.com\/remed.sa","article_published_time":"2025-11-18T20:49:56+00:00","article_modified_time":"2026-02-09T21:17:50+00:00","og_image":[{"width":1600,"height":900,"url":"https:\/\/remedsa.com\/wp-content\/uploads\/2025\/12\/WhatsApp-Image-2026-01-27-at-3.28.51-PM.jpeg","type":"image\/jpeg"}],"author":"remedsa","twitter_card":"summary_large_image","twitter_misc":{"Written by":"remedsa","Est. reading time":"5 minutes"},"schema":{"@context":"https:\/\/schema.org","@graph":[{"@type":"Article","@id":"https:\/\/remedsa.com\/remed-en-el-38-congreso-alamys\/#article","isPartOf":{"@id":"https:\/\/remedsa.com\/remed-en-el-38-congreso-alamys\/"},"author":{"name":"remedsa","@id":"https:\/\/remedsa.com\/#\/schema\/person\/e3dbcbb2cdbc8a28810d5db8d0fe484b"},"headline":"REMED en el 38\u00b0 Congreso ALAMYS","datePublished":"2025-11-18T20:49:56+00:00","dateModified":"2026-02-09T21:17:50+00:00","mainEntityOfPage":{"@id":"https:\/\/remedsa.com\/remed-en-el-38-congreso-alamys\/"},"wordCount":240,"commentCount":0,"publisher":{"@id":"https:\/\/remedsa.com\/#organization"},"image":{"@id":"https:\/\/remedsa.com\/remed-en-el-38-congreso-alamys\/#primaryimage"},"thumbnailUrl":"https:\/\/remedsa.com\/wp-content\/uploads\/2025\/12\/WhatsApp-Image-2026-01-27-at-3.28.51-PM.jpeg","inLanguage":"en-US","potentialAction":[{"@type":"CommentAction","name":"Comment","target":["https:\/\/remedsa.com\/remed-en-el-38-congreso-alamys\/#respond"]}]},{"@type":"WebPage","@id":"https:\/\/remedsa.com\/remed-en-el-38-congreso-alamys\/","url":"https:\/\/remedsa.com\/remed-en-el-38-congreso-alamys\/","name":"REMED en el 38\u00b0 Congreso ALAMYS - REMED","isPartOf":{"@id":"https:\/\/remedsa.com\/#website"},"primaryImageOfPage":{"@id":"https:\/\/remedsa.com\/remed-en-el-38-congreso-alamys\/#primaryimage"},"image":{"@id":"https:\/\/remedsa.com\/remed-en-el-38-congreso-alamys\/#primaryimage"},"thumbnailUrl":"https:\/\/remedsa.com\/wp-content\/uploads\/2025\/12\/WhatsApp-Image-2026-01-27-at-3.28.51-PM.jpeg","datePublished":"2025-11-18T20:49:56+00:00","dateModified":"2026-02-09T21:17:50+00:00","breadcrumb":{"@id":"https:\/\/remedsa.com\/remed-en-el-38-congreso-alamys\/#breadcrumb"},"inLanguage":"en-US","potentialAction":[{"@type":"ReadAction","target":["https:\/\/remedsa.com\/remed-en-el-38-congreso-alamys\/"]}]},{"@type":"ImageObject","inLanguage":"en-US","@id":"https:\/\/remedsa.com\/remed-en-el-38-congreso-alamys\/#primaryimage","url":"https:\/\/remedsa.com\/wp-content\/uploads\/2025\/12\/WhatsApp-Image-2026-01-27-at-3.28.51-PM.jpeg","contentUrl":"https:\/\/remedsa.com\/wp-content\/uploads\/2025\/12\/WhatsApp-Image-2026-01-27-at-3.28.51-PM.jpeg","width":1600,"height":900,"caption":"REMED en el 38\u00b0 Congreso ALAMYS"},{"@type":"BreadcrumbList","@id":"https:\/\/remedsa.com\/remed-en-el-38-congreso-alamys\/#breadcrumb","itemListElement":[{"@type":"ListItem","position":1,"name":"Home","item":"https:\/\/remedsa.com\/"},{"@type":"ListItem","position":2,"name":"REMED en el 38\u00b0 Congreso ALAMYS"}]},{"@type":"WebSite","@id":"https:\/\/remedsa.com\/#website","url":"https:\/\/remedsa.com\/","name":"REMED, S.A.","description":"Soluciones ferroviarias y movilidad sostenible.","publisher":{"@id":"https:\/\/remedsa.com\/#organization"},"potentialAction":[{"@type":"SearchAction","target":{"@type":"EntryPoint","urlTemplate":"https:\/\/remedsa.com\/?s={search_term_string}"},"query-input":{"@type":"PropertyValueSpecification","valueRequired":true,"valueName":"search_term_string"}}],"inLanguage":"en-US"},{"@type":"Organization","@id":"https:\/\/remedsa.com\/#organization","name":"REMED","url":"https:\/\/remedsa.com\/","logo":{"@type":"ImageObject","inLanguage":"en-US","@id":"https:\/\/remedsa.com\/#\/schema\/logo\/image\/","url":"https:\/\/remedsa.com\/wp-content\/uploads\/2025\/08\/cropped-Logo-REMED-S.A.-WEB-01-scaled-1.png","contentUrl":"https:\/\/remedsa.com\/wp-content\/uploads\/2025\/08\/cropped-Logo-REMED-S.A.-WEB-01-scaled-1.png","width":2411,"height":657,"caption":"REMED"},"image":{"@id":"https:\/\/remedsa.com\/#\/schema\/logo\/image\/"},"sameAs":["https:\/\/www.facebook.com\/remed.sa"]},{"@type":"Person","@id":"https:\/\/remedsa.com\/#\/schema\/person\/e3dbcbb2cdbc8a28810d5db8d0fe484b","name":"remedsa","image":{"@type":"ImageObject","inLanguage":"en-US","@id":"https:\/\/secure.gravatar.com\/avatar\/fed046d355fede942cbf2ba6c41cbb2c6919a76c490ba92939b709a860fa3120?s=96&d=mm&r=g","url":"https:\/\/secure.gravatar.com\/avatar\/fed046d355fede942cbf2ba6c41cbb2c6919a76c490ba92939b709a860fa3120?s=96&d=mm&r=g","contentUrl":"https:\/\/secure.gravatar.com\/avatar\/fed046d355fede942cbf2ba6c41cbb2c6919a76c490ba92939b709a860fa3120?s=96&d=mm&r=g","caption":"remedsa"},"sameAs":["https:\/\/remedsa.com"],"url":"https:\/\/remedsa.com\/en\/author\/remedsa\/"}]}},"_links":{"self":[{"href":"https:\/\/remedsa.com\/en\/wp-json\/wp\/v2\/posts\/3628","targetHints":{"allow":["GET"]}}],"collection":[{"href":"https:\/\/remedsa.com\/en\/wp-json\/wp\/v2\/posts"}],"about":[{"href":"https:\/\/remedsa.com\/en\/wp-json\/wp\/v2\/types\/post"}],"author":[{"embeddable":true,"href":"https:\/\/remedsa.com\/en\/wp-json\/wp\/v2\/users\/1"}],"replies":[{"embeddable":true,"href":"https:\/\/remedsa.com\/en\/wp-json\/wp\/v2\/comments?post=3628"}],"version-history":[{"count":5,"href":"https:\/\/remedsa.com\/en\/wp-json\/wp\/v2\/posts\/3628\/revisions"}],"predecessor-version":[{"id":3766,"href":"https:\/\/remedsa.com\/en\/wp-json\/wp\/v2\/posts\/3628\/revisions\/3766"}],"wp:featuredmedia":[{"embeddable":true,"href":"https:\/\/remedsa.com\/en\/wp-json\/wp\/v2\/media\/3669"}],"wp:attachment":[{"href":"https:\/\/remedsa.com\/en\/wp-json\/wp\/v2\/media?parent=3628"}],"wp:term":[{"taxonomy":"category","embeddable":true,"href":"https:\/\/remedsa.com\/en\/wp-json\/wp\/v2\/categories?post=3628"},{"taxonomy":"post_tag","embeddable":true,"href":"https:\/\/remedsa.com\/en\/wp-json\/wp\/v2\/tags?post=3628"}],"curies":[{"name":"wp","href":"https:\/\/api.w.org\/{rel}","templated":true}]}}